{"id":880,"date":"2026-04-20T16:02:23","date_gmt":"2026-04-20T15:02:23","guid":{"rendered":"https:\/\/aliancapioneer.iscte-iul.pt\/?p=880"},"modified":"2026-04-21T12:54:54","modified_gmt":"2026-04-21T11:54:54","slug":"reuniao-da-alianca-pioneer-em-veneza-definiu-prioridades-para-a-proxima-fase-2","status":"publish","type":"post","link":"https:\/\/aliancapioneer.iscte-iul.pt\/index.php\/pt\/2026\/04\/20\/reuniao-da-alianca-pioneer-em-veneza-definiu-prioridades-para-a-proxima-fase-2\/","title":{"rendered":"Reuni\u00e3o da Alian\u00e7a PIONEER em Veneza definiu prioridades para a pr\u00f3xima fase"},"content":{"rendered":"\n<p>Decorreu em Veneza, entre os dias <strong>14 e 16 de abril de 2026<\/strong>, a 3.\u00aa reuni\u00e3o de Governa\u00e7\u00e3o da Alian\u00e7a PIONEER. Esta reuni\u00e3o, que contou com a presen\u00e7a, de entre outros, da Reitora do Iscte, Professora Helena Carreiras, e do Vice-reitor para a Internacionaliza\u00e7\u00e3o e Extens\u00e3o Universit\u00e1ria, Professor Ricardo Paes Mamede, proporcionou um espa\u00e7o de debate relativo ao alinhamento estrat\u00e9gico e \u00e0 prepara\u00e7\u00e3o da pr\u00f3xima fase de desenvolvimento da Alian\u00e7a.<\/p>\n\n\n\n<p>Durante esta reuni\u00e3o, acolhida pela Universit\u00e0 Iuav di Venezia e suportada pela equipa de coordena\u00e7\u00e3o da Universit\u00e9 Gustave Eiffel, foram discutidas prioridades estrat\u00e9gicas para o futuro da alian\u00e7a, com destaque para o refor\u00e7o da liga\u00e7\u00e3o aos ecossistemas regionais e para a integra\u00e7\u00e3o dos desafios da sociedade nas \u00e1reas da educa\u00e7\u00e3o e da investiga\u00e7\u00e3o.<\/p>\n\n\n\n<p>Entre os principais temas abordados estiveram tamb\u00e9m a expans\u00e3o de diplomas conjuntos e o desenvolvimento de programas conjuntos-piloto, em linha com a iniciativa do Grau Europeu. Foram ainda discutidos novos formatos de aprendizagem, como os <em>Blended Intensive Programmes <\/em>(BIPs) e as microcredenciais, promovendo percursos mais flex\u00edveis e adaptados aos estudantes.<\/p>\n\n\n\n<p>A comunica\u00e7\u00e3o e dissemina\u00e7\u00e3o das atividades da alian\u00e7a foram igualmente identificadas como \u00e1reas priorit\u00e1rias, com vista ao refor\u00e7o da sua visibilidade e impacto.<\/p>\n\n\n\n<p>O encontro contribuiu para consolidar a coopera\u00e7\u00e3o entre as institui\u00e7\u00f5es parceiras e para dar continuidade ao desenvolvimento da Alian\u00e7a PIONEER enquanto iniciativa de Universidade Europeia.<\/p>\n\n\n\n<p>A Alian\u00e7a PIONEER agradeceu \u00e0 Universit\u00e0 Iuav di Venezia pela organiza\u00e7\u00e3o e acolhimento do encontro, bem como \u00e0 equipa de coordena\u00e7\u00e3o da Universit\u00e9 Gustave Eiffel pelo apoio prestado.<\/p>\n","protected":false},"excerpt":{"rendered":"<p>Decorreu em Veneza, entre os dias 14 e 16 de abril de 2026, a 3.\u00aa reuni\u00e3o de Governa\u00e7\u00e3o da Alian\u00e7a PIONEER. Esta reuni\u00e3o, que contou com a presen\u00e7a, de entre outros, da Reitora do Iscte, Professora Helena Carreiras, e do Vice-reitor para a Internacionaliza\u00e7\u00e3o e Extens\u00e3o Universit\u00e1ria, Professor Ricardo Paes Mamede, proporcionou um espa\u00e7o de [&hellip;]<\/p>\n","protected":false},"author":3,"featured_media":877,"comment_status":"closed","ping_status":"closed","sticky":false,"template":"","format":"standard","meta":{"footnotes":""},"categories":[1],"tags":[],"class_list":["post-880","post","type-post","status-publish","format-standard","has-post-thumbnail","hentry","category-uncategorized"],"featured_image_src":"https:\/\/aliancapioneer.iscte-iul.pt\/wp-content\/uploads\/2026\/04\/PioneerWeek_15Aprile26-25_group_final-4-scaled.jpg","author_info":{"display_name":"Rita Guedes","author_link":"https:\/\/aliancapioneer.iscte-iul.pt\/index.php\/author\/rita-guedes\/"},"_links":{"self":[{"href":"https:\/\/aliancapioneer.iscte-iul.pt\/index.php\/wp-json\/wp\/v2\/posts\/880","targetHints":{"allow":["GET"]}}],"collection":[{"href":"https:\/\/aliancapioneer.iscte-iul.pt\/index.php\/wp-json\/wp\/v2\/posts"}],"about":[{"href":"https:\/\/aliancapioneer.iscte-iul.pt\/index.php\/wp-json\/wp\/v2\/types\/post"}],"author":[{"embeddable":true,"href":"https:\/\/aliancapioneer.iscte-iul.pt\/index.php\/wp-json\/wp\/v2\/users\/3"}],"replies":[{"embeddable":true,"href":"https:\/\/aliancapioneer.iscte-iul.pt\/index.php\/wp-json\/wp\/v2\/comments?post=880"}],"version-history":[{"count":3,"href":"https:\/\/aliancapioneer.iscte-iul.pt\/index.php\/wp-json\/wp\/v2\/posts\/880\/revisions"}],"predecessor-version":[{"id":886,"href":"https:\/\/aliancapioneer.iscte-iul.pt\/index.php\/wp-json\/wp\/v2\/posts\/880\/revisions\/886"}],"wp:featuredmedia":[{"embeddable":true,"href":"https:\/\/aliancapioneer.iscte-iul.pt\/index.php\/wp-json\/wp\/v2\/media\/877"}],"wp:attachment":[{"href":"https:\/\/aliancapioneer.iscte-iul.pt\/index.php\/wp-json\/wp\/v2\/media?parent=880"}],"wp:term":[{"taxonomy":"category","embeddable":true,"href":"https:\/\/aliancapioneer.iscte-iul.pt\/index.php\/wp-json\/wp\/v2\/categories?post=880"},{"taxonomy":"post_tag","embeddable":true,"href":"https:\/\/aliancapioneer.iscte-iul.pt\/index.php\/wp-json\/wp\/v2\/tags?post=880"}],"curies":[{"name":"wp","href":"https:\/\/api.w.org\/{rel}","templated":true}]}}